{"id":75959,"date":"2020-02-25T06:24:46","date_gmt":"2020-02-25T11:24:46","guid":{"rendered":"http:\/\/blogs.uakron.edu\/law\/?p=75959"},"modified":"2020-02-24T13:31:41","modified_gmt":"2020-02-24T18:31:41","slug":"join-us-for-the-dr-helen-k-qammar-memorial-lecture-this-wednesday","status":"publish","type":"post","link":"https:\/\/blogs.uakron.edu\/law\/2020\/02\/25\/join-us-for-the-dr-helen-k-qammar-memorial-lecture-this-wednesday\/","title":{"rendered":"Join us for the Dr. Helen K. Qammar Memorial Lecture This Wednesday!"},"content":{"rendered":"\n<p>Publisher:\nThe New Press<\/p>\n\n\n\n<p>Publication\nDate: December 3, 2019<\/p>\n\n\n\n<p>Author:\nC\u00e9sar Cuauht\u00e9moc Garc\u00eda Hern\u00e1ndez (on second reference, last name: Garc\u00eda\nHern\u00e1ndez)<\/p>\n\n\n\n<figure class=\"wp-block-image\"><img decoding=\"async\" src=\"https:\/\/blogs.uakron.edu\/law\/wp-content\/uploads\/sites\/101\/2020\/02\/migrating-to-prison-659x1024.jpg\" alt=\"\" class=\"wp-image-75963\" \/><\/figure>\n\n\n\n<p><em>More\ninformation<\/em><\/p>\n\n\n\n<p><a href=\"https:\/\/thenewpress.com\/books\/migrating-prison\">Publisher\u2019s website<\/a> | <a href=\"https:\/\/www.indiebound.org\/book\/9781620974209\">IndieBound<\/a>\n| <a href=\"https:\/\/www.amazon.com\/s?k=9781620974209&amp;tag=thenewpress-20\">Amazon<\/a> | <a href=\"http:\/\/crimmigration.com\/books\/\">Author\u2019s\nwebsite<\/a><\/p>\n\n\n\n<p><em>Author\nbiography<\/em><\/p>\n\n\n\n<p>C\u00e9sar\nCuauht\u00e9moc Garc\u00eda Hern\u00e1ndez is a writer and law professor at the University of\nDenver who focuses on migration policing. In December 2019, he published his\nsecond book, <em>Migrating to Prison:\nAmerica\u2019s Obsession with Locking Up Immigrants<\/em>, about the United States\u2019\nreliance on prisons to enforce immigration law. Kirkus calls <em>Migrating to Prison<\/em>\n\u201ca chilling, timely overview of the American tendency to first exploit and then\ncriminalize migrants.\u201d<\/p>\n\n\n\n<p>His\nanalyses frequently appear in leading news sources in the United States and\nabroad. He has written for<em> The<\/em> <em>New York Times<\/em>, <em>The Guardian<\/em>, <em>Newsweek<\/em>, <em>Salon<\/em>,\nand more. In recent months, he has made appearances on <em>MSNBC<\/em>, <em>BBC<\/em>,\n<em>National Public Radio<\/em>, <em>CNN Espa\u00f1ol<\/em>, <em>Public Radio International<\/em>,\nand many other publications.<\/p>\n\n\n\n<p>C\u00e9sar\npublishes <a href=\"http:\/\/crImmigration.com\"><em>crimmigration.com<\/em><\/a>, a blog about the convergence of\ncriminal and immigration law. He has been a Fulbright scholar in Slovenia and\nis currently a member of the American Bar Association Commission on\nImmigration. In 2015,\nhe published his first book, <em>Crimmigration\nLaw<\/em>.<\/p>\n\n\n\n<p>C\u00e9sar\u2019s impact has been recognized\nby the Association of American Law Schools Section on Minority Groups which, in\n2014, gave him its Derrick A. Bell, Jr. Award, issued to a professor who \u201chas made an extraordinary\ncontribution to legal education, the legal system or social justice.\u201d\nIn 2019, the Civil Rights Education and Enforcement Center granted him its\nChallenging Discrimination Award.<\/p>\n\n\n\n<p><em>Social Media<\/em><\/p>\n\n\n\n<p><a href=\"https:\/\/twitter.com\/crimmigration\">Twitter<\/a>\n| <a href=\"https:\/\/www.facebook.com\/crimmigration\">Facebook<\/a>\n| <a href=\"https:\/\/www.instagram.com\/ccgarciahernandez\/\">Instagram<\/a><\/p>\n\n\n\n<figure class=\"wp-block-image\"><img decoding=\"async\" src=\"https:\/\/blogs.uakron.edu\/law\/wp-content\/uploads\/sites\/101\/2020\/02\/C\u00e9sar-Cuauht\u00e9moc-Garc\u00eda-Hern\u00e1ndez-683x1024.jpg\" alt=\"\" class=\"wp-image-75967\" \/><\/figure>\n\n\n\n<p>Date and Time:<\/p>\n\n\n\n<p>Februrary 26th 2020 <br>12:00pm &#8211; 1:15pm EST                          <br>McDowell Law Center                         <br>Brennan Moot Court Room (180) <\/p>\n","protected":false},"excerpt":{"rendered":"<p>Publisher: The New Press Publication Date: December 3, 2019 Author: C\u00e9sar Cuauht\u00e9moc Garc\u00eda Hern\u00e1ndez (on second reference, last name: Garc\u00eda Hern\u00e1ndez) More information Publisher\u2019s website | IndieBound | Amazon | Author\u2019s website Author biography C\u00e9sar Cuauht\u00e9moc Garc\u00eda Hern\u00e1ndez is a writer and law professor at the University of Denver who focuses on migration policing. In &hellip; <a href=\"https:\/\/blogs.uakron.edu\/law\/2020\/02\/25\/join-us-for-the-dr-helen-k-qammar-memorial-lecture-this-wednesday\/\" class=\"more-link\">Continue reading<span class=\"screen-reader-text\"> &#8220;Join us for the Dr. Helen K. Qammar Memorial Lecture This Wednesday!&#8221;<\/span><\/a><\/p>\n","protected":false},"author":3079,"featured_media":0,"comment_status":"closed","ping_status":"closed","sticky":false,"template":"","format":"standard","meta":{"_monsterinsights_skip_tracking":false,"_monsterinsights_sitenote_active":false,"_monsterinsights_sitenote_note":"","_monsterinsights_sitenote_category":0,"_jetpack_memberships_contains_paid_content":false,"footnotes":""},"categories":[1],"tags":[],"class_list":["post-75959","post","type-post","status-publish","format-standard","hentry","category-uncategorized"],"jetpack_featured_media_url":"","jetpack_sharing_enabled":true,"_links":{"self":[{"href":"https:\/\/blogs.uakron.edu\/law\/wp-json\/wp\/v2\/posts\/75959","targetHints":{"allow":["GET"]}}],"collection":[{"href":"https:\/\/blogs.uakron.edu\/law\/wp-json\/wp\/v2\/posts"}],"about":[{"href":"https:\/\/blogs.uakron.edu\/law\/wp-json\/wp\/v2\/types\/post"}],"author":[{"embeddable":true,"href":"https:\/\/blogs.uakron.edu\/law\/wp-json\/wp\/v2\/users\/3079"}],"replies":[{"embeddable":true,"href":"https:\/\/blogs.uakron.edu\/law\/wp-json\/wp\/v2\/comments?post=75959"}],"version-history":[{"count":1,"href":"https:\/\/blogs.uakron.edu\/law\/wp-json\/wp\/v2\/posts\/75959\/revisions"}],"predecessor-version":[{"id":75971,"href":"https:\/\/blogs.uakron.edu\/law\/wp-json\/wp\/v2\/posts\/75959\/revisions\/75971"}],"wp:attachment":[{"href":"https:\/\/blogs.uakron.edu\/law\/wp-json\/wp\/v2\/media?parent=75959"}],"wp:term":[{"taxonomy":"category","embeddable":true,"href":"https:\/\/blogs.uakron.edu\/law\/wp-json\/wp\/v2\/categories?post=75959"},{"taxonomy":"post_tag","embeddable":true,"href":"https:\/\/blogs.uakron.edu\/law\/wp-json\/wp\/v2\/tags?post=75959"}],"curies":[{"name":"wp","href":"https:\/\/api.w.org\/{rel}","templated":true}]}}